{"id":12670,"date":"2017-08-30T14:49:29","date_gmt":"2017-08-30T17:49:29","guid":{"rendered":"http:\/\/thir.com.br\/portal\/?p=12670"},"modified":"2017-08-30T14:58:54","modified_gmt":"2017-08-30T17:58:54","slug":"um-espirita-no-umbral","status":"publish","type":"post","link":"https:\/\/thir.com.br\/portal\/2017\/08\/30\/um-espirita-no-umbral\/","title":{"rendered":"Um Esp\u00edrita no Umbral"},"content":{"rendered":"<div class=\"clearfix\">\n<div class=\"post-description text-zoom clearfix\">\n<p class=\"entry-content\">Um homem de 55 anos, esp\u00edrita, sofreu um acidente e morreu de repente. Ele se viu saindo do corpo e chegando a um lugar escuro, feio, t\u00e9trico, com energias muito negativas.<br \/>\nAssim que come\u00e7ou a caminhar por aquele vale sombrio, viu tr\u00eas esp\u00edritos vestidos com capa preta caminhando em sua dire\u00e7\u00e3o. Assim que chegaram, o homem perguntou:<\/p>\n<p>\u2013 Que lugar \u00e9 esse?<\/p>\n<p>\u2013 Aqui \u00e9 o que voc\u00eas esp\u00edritas chamam de umbral \u2013 disse um dos esp\u00edritos. O homem ficou chocado com aquela informa\u00e7\u00e3o. Mal podia acreditar que estava no umbral. Considerou que talvez estivesse ali para participar de alguma atividade socorrista aos esp\u00edritos sofredores. O esp\u00edrito negativo, que lia seus pensamentos, respondeu que n\u00e3o. Ele estava ali porque o umbral era a zona c\u00f3smica que mais guardava sintonia com suas energias.<\/p>\n<p>\u2013 Mas isso \u00e9 imposs\u00edvel!!! \u2013 disse o esp\u00edrita em desespero. \u2013 N\u00e3o posso estar no Umbral. Deve haver algum erro\u2026 Em primeiro lugar eu sou esp\u00edrita, fa\u00e7o parte dessa religi\u00e3o maravilhosa que \u00e9 considerada o consolador prometido por Jesus. Realizo tamb\u00e9m projetos sociais de doa\u00e7\u00e3o de sopa aos pobres. Ministro o passo magn\u00e9tico duas vezes por semana a uma multid\u00e3o de pessoas l\u00e1 no centro. Tamb\u00e9m ajudo financeiramente institui\u00e7\u00f5es de caridade muito necessitadas, al\u00e9m de dar palestras no centro para os iniciantes no Espiritismo. Definitivamente h\u00e1 algo errado\u2026<\/p>\n<p>N\u00e3o h\u00e1 nenhum erro \u2013 disse o esp\u00edrito das sombras \u2013 Em seu atual est\u00e1gio de evolu\u00e7\u00e3o, voc\u00ea tem que ficar aqui mesmo. \u00c9 verdade que voc\u00ea \u00e9 esp\u00edrita e faz parte desta doutrina consoladora, mas intimamente voc\u00ea julgava pessoas de outras religi\u00f5es inferiores por n\u00e3o serem esp\u00edritas. Sim, voc\u00ea realizava projetos sociais dando sopa aos pobres, mas em seus pensamentos sentia-se o m\u00e1ximo praticando a caridade e julgava que os pobres n\u00e3o eram t\u00e3o evolu\u00eddos por estarem amargando a pobreza, quando na verdade muitos deles eram mais puros que voc\u00ea. Sim, voc\u00ea ministrava o passe, mas considerava que seu passe era mais \u201cpoderoso\u201d e mais curador do que o passe de outros passistas. Sim, voc\u00ea ajudava financeiramente institui\u00e7\u00f5es de caridade, mas dentro de ti sempre dava o dinheiro esperando receber algo em troca e sentindo-se algu\u00e9m muito \u201ccaridoso\u201d. E finalmente\u2026 Sim, voc\u00ea dava palestras aos iniciantes na doutrina, mas acreditava ter mais conhecimento que eles e se colocava numa posi\u00e7\u00e3o de destaque e vaidade intelectual. Tudo isso suscitando uma das maiores chagas da humanidade, o \u201corgulho\u201d e a \u201cvaidade\u201d.<\/p>\n<p>O homem ficou impressionado com as revela\u00e7\u00f5es daquele esp\u00edrito. De fato, revendo suas atitudes e sua perspectiva, intimamente havia quase sempre um sentimento de superioridade, de orgulho em rela\u00e7\u00e3o aos outros, diante de tudo o que foi feito.<\/p>\n<p>O esp\u00edrita ent\u00e3o olhou para dentro de si e come\u00e7ou a se arrepender de tudo aquilo, reconhecendo seu erro e sentindo-se mais humilde. Nesse momento, ele sentiu uma luz brilhando dentro dele e come\u00e7ou a se elevar. Ao perceber que estava se elevando e deixando o umbral, avistou outros esp\u00edritos ainda presos \u00e0 condi\u00e7\u00e3o umbralina e novamente lhe veio um orgulho e uma sensa\u00e7\u00e3o de superioridade em rela\u00e7\u00e3o aos mesmos. Ap\u00f3s sentir isso, caiu novamente no umbral, e a queda dessa vez foi ainda mais dolorosa. Um dos esp\u00edritos trevosos disse:<\/p>\n<p>\u2013 Voc\u00ea caiu novamente porque, no momento em que se elevava, come\u00e7ou a sentir uma certa superioridade em rela\u00e7\u00e3o aos esp\u00edritos que aqui estavam, suscitando mais uma vez uma condi\u00e7\u00e3o de orgulho. Al\u00e9m disso, \u201cA quem muito foi dado, muito ser\u00e1 exigido; e a quem muito foi confiado, muito mais ser\u00e1 pedido.\u201d (Lucas 12:48).<\/p>\n<p>O homem ficou muito triste com tudo aquilo. Entrou dentro de si mesmo e com toda a sinceridade pensou: Sim, \u00e9 isso mesmo. Eu fui uma pessoa arrogante por ser esp\u00edrita e por tudo o que eu fazia. Esse orgulho neutralizou todo o m\u00e9rito de minhas a\u00e7\u00f5es. Mas tudo bem, eu mere\u00e7o estar aqui no umbral. Vou ficar por aqui mesmo, quem sabe eu aprendo alguma coisa. N\u00e3o me importo mais comigo e entrego minha vida a Deus\u2026 Como disse Jesus, \u201cQue seja feita a vontade de Deus e n\u00e3o a minha\u201d.<br \/>\nO homem caiu no ch\u00e3o e apenas se entregou a Deus com f\u00e9. Nesse momento, n\u00e3o tinha mais nenhum sentimento de auto-import\u00e2ncia. Fechou os olhos e deixou tudo fluir\u2026<\/p>\n<p>Nesse momento, seu corpo come\u00e7ou a se tornar um corpo de luz e, sem nem perceber, come\u00e7ou a se elevar novamente. Assim que chegou a uma zona mais elevada, abriu os olhos e, para sua surpresa, havia se libertado do umbral. Dessa vez, nem percebeu que estava se elevando e se libertando.<br \/>\nUm dos esp\u00edritos trevosos estava esperando por ele nesse plano mais elevado. Tirou a capa preta e uma luz maravilhosa come\u00e7ou a brilhar. O esp\u00edrita percebeu que esse esp\u00edrito n\u00e3o era negativo, mas um esp\u00edrito de luz que o estava ajudando desde o in\u00edcio. O esp\u00edrito disse:<\/p>\n<p>\u2013 Tua ren\u00fancia de ti mesmo no \u00faltimo momento te salvou do umbral. Que tudo isso sirva de li\u00e7\u00e3o para voc\u00ea, meu filho. Toda essa experi\u00eancia que voc\u00ea passou serve para os membros de qualquer religi\u00e3o. E n\u00e3o se esque\u00e7a jamais do que disse Jesus:<\/p>\n<p>\u201cN\u00e3o saiba a tua m\u00e3o esquerda o que faz a tua direita.\u201d (Mateus 6:3)<\/p>\n<p>(Hugo Lapa)<\/p>\n<\/div>\n<\/div>\n<aside class=\"post-asides\">\n<div class=\"author-keyword-wrap\"><\/div>\n<\/aside>\n","protected":false},"excerpt":{"rendered":"<p>Um homem de 55 anos, esp\u00edrita, sofreu um acidente e morreu de repente. Ele se viu saindo do corpo e chegando a um lugar escuro, feio, t\u00e9trico, com energias muito negativas. Assim que come\u00e7ou a caminhar por aquele vale sombrio, viu tr\u00eas esp\u00edritos vestidos com capa preta caminhando em sua dire\u00e7\u00e3o. Assim que chegaram, o homem perguntou: \u2013 Que lugar \u00e9 esse? \u2013 Aqui \u00e9 o que voc\u00eas esp\u00edritas chamam de umbral \u2013 disse um dos esp\u00edritos. O homem ficou chocado com aquela informa\u00e7\u00e3o. Mal podia acreditar que estava no umbral. Considerou que talvez estivesse ali para participar de alguma atividade socorrista aos esp\u00edritos sofredores. O esp\u00edrito negativo, que lia seus pensamentos, respondeu que n\u00e3o. Ele estava ali porque o umbral era a zona c\u00f3smica que mais guardava sintonia com suas energias. \u2013 Mas isso \u00e9 imposs\u00edvel!!! \u2013 disse o esp\u00edrita em desespero. \u2013 N\u00e3o posso estar no Umbral. Deve haver algum erro\u2026 Em primeiro lugar eu sou esp\u00edrita, fa\u00e7o parte dessa religi\u00e3o maravilhosa que \u00e9 considerada o consolador prometido por Jesus. Realizo tamb\u00e9m projetos sociais de doa\u00e7\u00e3o de sopa aos pobres. Ministro o passo magn\u00e9tico duas vezes por semana a uma multid\u00e3o de pessoas l\u00e1 no centro. Tamb\u00e9m ajudo financeiramente institui\u00e7\u00f5es de caridade muito necessitadas, al\u00e9m de dar palestras no centro para os iniciantes no Espiritismo. Definitivamente h\u00e1 algo errado\u2026 N\u00e3o h\u00e1 nenhum erro \u2013 disse o esp\u00edrito das sombras \u2013 Em seu atual est\u00e1gio de evolu\u00e7\u00e3o, voc\u00ea tem que ficar aqui mesmo. \u00c9 verdade que voc\u00ea \u00e9 esp\u00edrita e faz parte desta doutrina consoladora, mas intimamente voc\u00ea julgava pessoas de outras religi\u00f5es inferiores por n\u00e3o serem esp\u00edritas. Sim, voc\u00ea realizava projetos sociais dando sopa aos pobres, mas em seus pensamentos sentia-se o m\u00e1ximo praticando a caridade e julgava que os pobres n\u00e3o eram t\u00e3o evolu\u00eddos por estarem amargando&#8230; <\/p>\n<p><a class=\"readmore\" href=\"https:\/\/thir.com.br\/portal\/2017\/08\/30\/um-espirita-no-umbral\/\">Continue lendo&#8230;<\/a><\/p>\n","protected":false},"author":3,"featured_media":12671,"comment_status":"open","ping_status":"open","sticky":false,"template":"","format":"standard","meta":{"footnotes":""},"categories":[16],"tags":[],"class_list":["post-12670","post","type-post","status-publish","format-standard","has-post-thumbnail","hentry","category-encoragement"],"_links":{"self":[{"href":"https:\/\/thir.com.br\/portal\/wp-json\/wp\/v2\/posts\/12670","targetHints":{"allow":["GET"]}}],"collection":[{"href":"https:\/\/thir.com.br\/portal\/wp-json\/wp\/v2\/posts"}],"about":[{"href":"https:\/\/thir.com.br\/portal\/wp-json\/wp\/v2\/types\/post"}],"author":[{"embeddable":true,"href":"https:\/\/thir.com.br\/portal\/wp-json\/wp\/v2\/users\/3"}],"replies":[{"embeddable":true,"href":"https:\/\/thir.com.br\/portal\/wp-json\/wp\/v2\/comments?post=12670"}],"version-history":[{"count":2,"href":"https:\/\/thir.com.br\/portal\/wp-json\/wp\/v2\/posts\/12670\/revisions"}],"predecessor-version":[{"id":12673,"href":"https:\/\/thir.com.br\/portal\/wp-json\/wp\/v2\/posts\/12670\/revisions\/12673"}],"wp:featuredmedia":[{"embeddable":true,"href":"https:\/\/thir.com.br\/portal\/wp-json\/wp\/v2\/media\/12671"}],"wp:attachment":[{"href":"https:\/\/thir.com.br\/portal\/wp-json\/wp\/v2\/media?parent=12670"}],"wp:term":[{"taxonomy":"category","embeddable":true,"href":"https:\/\/thir.com.br\/portal\/wp-json\/wp\/v2\/categories?post=12670"},{"taxonomy":"post_tag","embeddable":true,"href":"https:\/\/thir.com.br\/portal\/wp-json\/wp\/v2\/tags?post=12670"}],"curies":[{"name":"wp","href":"https:\/\/api.w.org\/{rel}","templated":true}]}}