{"id":12591,"date":"2017-08-28T22:45:14","date_gmt":"2017-08-29T01:45:14","guid":{"rendered":"http:\/\/thir.com.br\/portal\/?p=12591"},"modified":"2017-08-28T22:47:55","modified_gmt":"2017-08-29T01:47:55","slug":"sem-palavras","status":"publish","type":"post","link":"https:\/\/thir.com.br\/portal\/2017\/08\/28\/sem-palavras\/","title":{"rendered":"Sem palavras&#8230;"},"content":{"rendered":"<p>O m\u00e9dium mineiro Francisco C\u00e2ndido Xavier, desencarnado em 30 de junho de 2002, era conhecido por sua paci\u00eancia, pela aten\u00e7\u00e3o com que recebia e atendia cada pessoa que o buscava.<\/p>\n<p>Certa ocasi\u00e3o, atendendo \u00e0 fila intermin\u00e1vel, sentado, na mesma posi\u00e7\u00e3o, por horas seguidas, aproximou-se dele uma senhora magra, de estatura mediana.<\/p>\n<p>Trazia os olhos vermelhos de onde rolava um rio de l\u00e1grimas, que ela n\u00e3o conseguia conter. Tomou uma das m\u00e3os do velho servidor de Jesus e falou:\u00a0<em>Seu Chico, me ajude. N\u00e3o aguento mais tanto sofrimento.<\/em><\/p>\n<p>Com a voz mansa, repassada de ternura, sem pressa alguma, o ap\u00f3stolo do bem, perguntou:\u00a0<em>O que se passa, minha filha? Conte-me.<\/em><\/p>\n<p><em>\u00c9 coisa demais,<\/em>\u00a0falou a senhora, ainda chorosa.\u00a0<em>Fiquei vi\u00fava, h\u00e1 alguns anos. Meu marido se foi. Deixou-me duas filhas pequenas. Parecia que aquela dor da partida dele, o vazio que ele deixou em minha vida n\u00e3o acabaria nunca.<\/em><\/p>\n<p><em>No entanto, os anos foram acalmando a minha dor. Mas, triste, me afastei de tudo. As meninas cresceram. Estavam com treze e quinze anos.<\/em><\/p>\n<p><em>H\u00e1 poucos dias, uma vizinha nos convidou para um piquenique. Eu n\u00e3o queria ir, n\u00e3o tinha vontade. No entanto, li nos olhos brilhantes das minhas filhas o desejo que tinham de ir.<\/em><\/p>\n<p><em>Preparei tudo, rodeada pela alegria das duas. O domingo chegou ensolarado, maravilhoso.<\/em><\/p>\n<p><em>O local era muito bonito, pr\u00f3ximo a um rio. Um lugar encantador. Logo verificamos que, por causa das chuvas de dias anteriores, o rio estava muito cheio.<\/em><\/p>\n<p><em>As \u00e1guas rolavam velozes, como se estivessem furiosas por alguma coisa.<\/em><\/p>\n<p><em>Avisei \u00e0s filhas que n\u00e3o se aproximassem das margens e me envolvi, na organiza\u00e7\u00e3o, com as amigas.<\/em><\/p>\n<p><em>De repente, a gritaria me despertou para o desespero. Um mau pressentimento me apertou o cora\u00e7\u00e3o.<\/em><\/p>\n<p><em>Todos corremos para pr\u00f3ximo do rio e eu vi as minhas duas filhas sendo arrastadas pela correnteza.<\/em><\/p>\n<p><em>Quis me jogar no rio, na tentativa de as resgatar, mas fui impedida pelas pessoas. Estava alucinada de dor.<\/em><\/p>\n<p><em>Mais tarde, fiquei sabendo que minha filha mais nova se debru\u00e7ara sobre uma pedra levando as m\u00e3os \u00e0 \u00e1gua, a pedra se deslocou e ela foi projetada no rio.<\/em><\/p>\n<p><em>A irm\u00e3 correra para ajud\u00e1-la e escorregou, caindo, tamb\u00e9m, na corrente.<\/em><\/p>\n<p><em>Elas se foram, Chico. Estou totalmente sozinha, agora. N\u00e3o quero mais viver. N\u00e3o tenho mais nada neste mundo.<\/em><\/p>\n<p>As pessoas olharam para Chico Xavier. Dos olhos dele corriam l\u00e1grimas. Ele se levantou e envolvendo num abra\u00e7o aquela m\u00e3e sofrida, disse:<\/p>\n<p><em>Minha filha, deixe-me abra\u00e7\u00e1-la. Existem dores para as quais n\u00e3o temos palavras. Agora, s\u00f3 posso misturar as suas com as minhas l\u00e1grimas. Vamos chorar juntos.<\/em><\/p>\n<p align=\"center\">*\u00a0\u00a0 *\u00a0\u00a0 *<\/p>\n<p>Existem, sim, dores t\u00e3o lancinantes para as quais n\u00e3o h\u00e1 palavras que as possam descrever. Nem acalmar.<\/p>\n<p>Ante elas, podemos oferecer o ombro para que a pessoa ali deposite toda sua dor. Podemos chorar junto. Podemos abra\u00e7ar e acolher.<\/p>\n<p>Podemos ouvir, em sil\u00eancio, a descri\u00e7\u00e3o da sua imensa amargura.<\/p>\n<p>Podemos orar, rogando a Miseric\u00f3rdia Divina para quem tanto sofre.<\/p>\n<p>E lembrar que a vida \u00e9 transit\u00f3ria e que devemos nos preparar para deixar heran\u00e7as de luz para os que permanecerem quando nos formos, no rumo do grande lar.<\/p>\n<p>Pensemos nisso.<\/p>\n<p align=\"right\"><em>Reda\u00e7\u00e3o do Momento Esp\u00edrita, com base na cr\u00f4nica<br \/>\n<\/em>Existem dores&#8230;,<em>\u00a0de Ana Guimar\u00e3es, da revista\u00a0<\/em>Cultura<br \/>\nEsp\u00edrita,<em>\u00a0do Instituto de Cultura Esp\u00edrita do Brasil,<br \/>\nde novembro de 2016.<br \/>\nEm 23.2.2017.<\/em><\/p>\n","protected":false},"excerpt":{"rendered":"<p>O m\u00e9dium mineiro Francisco C\u00e2ndido Xavier, desencarnado em 30 de junho de 2002, era conhecido por sua paci\u00eancia, pela aten\u00e7\u00e3o com que recebia e atendia cada pessoa que o buscava. Certa ocasi\u00e3o, atendendo \u00e0 fila intermin\u00e1vel, sentado, na mesma posi\u00e7\u00e3o, por horas seguidas, aproximou-se dele uma senhora magra, de estatura mediana. Trazia os olhos vermelhos de onde rolava um rio de l\u00e1grimas, que ela n\u00e3o conseguia conter. Tomou uma das m\u00e3os do velho servidor de Jesus e falou:\u00a0Seu Chico, me ajude. N\u00e3o aguento mais tanto sofrimento. Com a voz mansa, repassada de ternura, sem pressa alguma, o ap\u00f3stolo do bem, perguntou:\u00a0O que se passa, minha filha? Conte-me. \u00c9 coisa demais,\u00a0falou a senhora, ainda chorosa.\u00a0Fiquei vi\u00fava, h\u00e1 alguns anos. Meu marido se foi. Deixou-me duas filhas pequenas. Parecia que aquela dor da partida dele, o vazio que ele deixou em minha vida n\u00e3o acabaria nunca. No entanto, os anos foram acalmando a minha dor. Mas, triste, me afastei de tudo. As meninas cresceram. Estavam com treze e quinze anos. H\u00e1 poucos dias, uma vizinha nos convidou para um piquenique. Eu n\u00e3o queria ir, n\u00e3o tinha vontade. No entanto, li nos olhos brilhantes das minhas filhas o desejo que tinham de ir. Preparei tudo, rodeada pela alegria das duas. O domingo chegou ensolarado, maravilhoso. O local era muito bonito, pr\u00f3ximo a um rio. Um lugar encantador. Logo verificamos que, por causa das chuvas de dias anteriores, o rio estava muito cheio. As \u00e1guas rolavam velozes, como se estivessem furiosas por alguma coisa. Avisei \u00e0s filhas que n\u00e3o se aproximassem das margens e me envolvi, na organiza\u00e7\u00e3o, com as amigas. De repente, a gritaria me despertou para o desespero. Um mau pressentimento me apertou o cora\u00e7\u00e3o. Todos corremos para pr\u00f3ximo do rio e eu vi as minhas duas filhas sendo arrastadas pela correnteza&#8230;. <\/p>\n<p><a class=\"readmore\" href=\"https:\/\/thir.com.br\/portal\/2017\/08\/28\/sem-palavras\/\">Continue lendo&#8230;<\/a><\/p>\n","protected":false},"author":3,"featured_media":12592,"comment_status":"open","ping_status":"open","sticky":false,"template":"","format":"standard","meta":{"footnotes":""},"categories":[16],"tags":[],"class_list":["post-12591","post","type-post","status-publish","format-standard","has-post-thumbnail","hentry","category-encoragement"],"_links":{"self":[{"href":"https:\/\/thir.com.br\/portal\/wp-json\/wp\/v2\/posts\/12591","targetHints":{"allow":["GET"]}}],"collection":[{"href":"https:\/\/thir.com.br\/portal\/wp-json\/wp\/v2\/posts"}],"about":[{"href":"https:\/\/thir.com.br\/portal\/wp-json\/wp\/v2\/types\/post"}],"author":[{"embeddable":true,"href":"https:\/\/thir.com.br\/portal\/wp-json\/wp\/v2\/users\/3"}],"replies":[{"embeddable":true,"href":"https:\/\/thir.com.br\/portal\/wp-json\/wp\/v2\/comments?post=12591"}],"version-history":[{"count":1,"href":"https:\/\/thir.com.br\/portal\/wp-json\/wp\/v2\/posts\/12591\/revisions"}],"predecessor-version":[{"id":12593,"href":"https:\/\/thir.com.br\/portal\/wp-json\/wp\/v2\/posts\/12591\/revisions\/12593"}],"wp:featuredmedia":[{"embeddable":true,"href":"https:\/\/thir.com.br\/portal\/wp-json\/wp\/v2\/media\/12592"}],"wp:attachment":[{"href":"https:\/\/thir.com.br\/portal\/wp-json\/wp\/v2\/media?parent=12591"}],"wp:term":[{"taxonomy":"category","embeddable":true,"href":"https:\/\/thir.com.br\/portal\/wp-json\/wp\/v2\/categories?post=12591"},{"taxonomy":"post_tag","embeddable":true,"href":"https:\/\/thir.com.br\/portal\/wp-json\/wp\/v2\/tags?post=12591"}],"curies":[{"name":"wp","href":"https:\/\/api.w.org\/{rel}","templated":true}]}}