{"id":12587,"date":"2017-08-28T22:39:35","date_gmt":"2017-08-29T01:39:35","guid":{"rendered":"http:\/\/thir.com.br\/portal\/?p=12587"},"modified":"2017-08-28T22:39:35","modified_gmt":"2017-08-29T01:39:35","slug":"poema-do-perdao","status":"publish","type":"post","link":"https:\/\/thir.com.br\/portal\/2017\/08\/28\/poema-do-perdao\/","title":{"rendered":"Poema do perd\u00e3o"},"content":{"rendered":"<p>Setenta vezes sete vezes&#8230; Aqueles n\u00fameros ficaram ressoando na alma de Sim\u00e3o Pedro por algum tempo, depois do breve col\u00f3quio com o Mestre.<\/p>\n<p>Quantas vezes devemos perdoar? H\u00e1 limites para o perd\u00e3o?<\/p>\n<p>Talvez muitos de n\u00f3s tenhamos no cora\u00e7\u00e3o as ang\u00fastias que tinha o Ap\u00f3stolo.<\/p>\n<p>Por\u00e9m, a conversa de Pedro com Jesus, sobre a importante tem\u00e1tica, n\u00e3o findaria ali.<\/p>\n<p>Quando a noite se vestiu de astros balou\u00e7antes, encravados na ab\u00f3bada do infinito, em confer\u00eancia particular, Sim\u00e3o voltou a interrogar:<\/p>\n<p><em>\u201c<\/em><em>E se algu\u00e9m, com quem n\u00e3o simpatizamos, nos ferir, por motivo nenhum, ser\u00e1 l\u00edcito reagir, apresentando-o ao juiz?&#8221;<\/em><\/p>\n<p><em>&#8220;N\u00e3o, Pedro. Todo aquele que agride, com ou sem motivo, encontra-se agredido em si mesmo.&#8221;<\/em><\/p>\n<p><em>&#8220;Isto, por\u00e9m,\u201d\u00a0<\/em>&#8211; insistiu Pedro \u2013\u00a0<em>\u201cn\u00e3o significar\u00e1 apoiar a viol\u00eancia e permitir que os maus dominem os simples e os humildes?<\/em><\/p>\n<p><em>&#8220;De forma alguma. Os maus est\u00e3o doentes. Portadores de tormentos destruidores no imo de si mesmos. Revidar-lhes a ofensa \u00e9 aumentar-lhes a capacidade de agress\u00e3o.<\/em><\/p>\n<p><em>Somente o amor, ungido de abnega\u00e7\u00e3o, consegue infundir a real transforma\u00e7\u00e3o interior de algu\u00e9m e demonstrar a grandeza da paz a quem a perdeu.\u201d<\/em><\/p>\n<p><em>\u201c<\/em><em>E se da agress\u00e3o pura e simples, ele partir para tomar nas suas m\u00e3os desvairadas a vida de um ente querido\u00a0<\/em>massacrando-o?<em>&#8220;<\/em><\/p>\n<p><em>&#8220;Ainda a\u00ed&#8221; &#8211; redarguiu Jesus &#8211; &#8220;o perd\u00e3o assume um papel preponderante, porquanto mais importante se nos apresenta o desafio do amor, quanto mais grave e dif\u00edcil \u00e9 a situa\u00e7\u00e3o que nos leva a perdoar&#8221;.<\/em><\/p>\n<p><em>&#8220;Mestre!&#8221; &#8211;\u00a0<\/em>prop\u00f4s o companheiro com os olhos nublados &#8211;\u00a0<em>&#8220;Saber que um v\u00e2ndalo retirou do nosso caminho, pela viol\u00eancia, o filho, a esposa ou a m\u00e3e e n\u00e3o revidar, n\u00e3o significa apoiar e legitimar o direito da for\u00e7a?&#8221;<\/em><\/p>\n<p><em>&#8220;Sim\u00e3o&#8221; &#8211;\u00a0<\/em>respondeu<em>\u00a0o Mestre, docemente &#8211; &#8220;o Pai\u00a0<\/em>estabeleceu\u00a0<em>leis das quais ningu\u00e9m\u00a0<\/em>consegue fugir<em>. N\u00e3o colocamos aqui a quest\u00e3o em termos de esquecimento \u00e0 responsabilidade nem desrespeito aos c\u00f3digos legais estabelecidos. Refiro-me ao revide, ao \u00f3dio, ao plano de cobran\u00e7a, por parte daqueles que foram atingidos pela enfermidade agressiva do pr\u00f3ximo.<\/em><\/p>\n<p><em>Al\u00e9m deles n\u00e3o fugirem da consci\u00eancia, que n\u00e3o os esquecer\u00e1 no tribunal de si mesmos, cabe-nos deixar que os organismos especializados cumpram com suas atribui\u00e7\u00f5es.<\/em><\/p>\n<p><em>N\u00f3s, por\u00e9m, permaneceremos confiantes de que nada acontece que n\u00e3o seja pela \u2018vontade\u2019 do Pai.<\/em><\/p>\n<p><em>Assim, n\u00e3o provoquemos a ningu\u00e9m, nem a ningu\u00e9m firamos. Silenciemos as ofensas e dispensemos a miseric\u00f3rdia em toda parte e com todos aqueles com quem convivemos.&#8221;<\/em><\/p>\n<p><em>&#8220;Mestre! E se nos matarem?&#8221; &#8211; Prop\u00f4s o Ap\u00f3stolo sincero com a voz sumida pela emo\u00e7\u00e3o.<\/em><\/p>\n<p><em>&#8220;Viveremos, Sim\u00e3o. Ningu\u00e9m mata a vida. Prosseguiremos vivendo tanto quanto o criminoso tamb\u00e9m viver\u00e1. Nunca te esque\u00e7as de que a posi\u00e7\u00e3o de v\u00edtima \u00e9 sempre a melhor, a mais feliz.<\/em><\/p>\n<p><em>Quem aos outros fere, a si mesmo se fere. Quem ao pr\u00f3ximo infelicita, a si mesmo se destr\u00f3i no campo da emo\u00e7\u00e3o, com a diferen\u00e7a de que aquele que, aparentemente, \u00e9 o perdedor, se amar e perdoar, estar\u00e1 isento de quaisquer afli\u00e7\u00f5es e ficar\u00e1 inatingido, portanto, feliz.\u201d<\/em><\/p>\n<p align=\"center\">*\u00a0\u00a0 *\u00a0\u00a0 *<\/p>\n<p>Perdoar sempre. Lembremos disso. Perdoar sempre.<\/p>\n<p>&nbsp;<\/p>\n<p align=\"right\"><em>Reda\u00e7\u00e3o do Momento Esp\u00edrita, com base no cap.20,<br \/>\ndo livro\u00a0<\/em>Pelos caminhos de Jesus<em>, pelo Esp\u00edrito<br \/>\nAm\u00e9lia Rodrigues, psicografia de Divaldo Pereira Franco,<br \/>\ned. LEAL.<br \/>\nEm 16.11.2015.<\/em><\/p>\n","protected":false},"excerpt":{"rendered":"<p>Setenta vezes sete vezes&#8230; Aqueles n\u00fameros ficaram ressoando na alma de Sim\u00e3o Pedro por algum tempo, depois do breve col\u00f3quio com o Mestre. Quantas vezes devemos perdoar? H\u00e1 limites para o perd\u00e3o? Talvez muitos de n\u00f3s tenhamos no cora\u00e7\u00e3o as ang\u00fastias que tinha o Ap\u00f3stolo. Por\u00e9m, a conversa de Pedro com Jesus, sobre a importante tem\u00e1tica, n\u00e3o findaria ali. Quando a noite se vestiu de astros balou\u00e7antes, encravados na ab\u00f3bada do infinito, em confer\u00eancia particular, Sim\u00e3o voltou a interrogar: \u201cE se algu\u00e9m, com quem n\u00e3o simpatizamos, nos ferir, por motivo nenhum, ser\u00e1 l\u00edcito reagir, apresentando-o ao juiz?&#8221; &#8220;N\u00e3o, Pedro. Todo aquele que agride, com ou sem motivo, encontra-se agredido em si mesmo.&#8221; &#8220;Isto, por\u00e9m,\u201d\u00a0&#8211; insistiu Pedro \u2013\u00a0\u201cn\u00e3o significar\u00e1 apoiar a viol\u00eancia e permitir que os maus dominem os simples e os humildes? &#8220;De forma alguma. Os maus est\u00e3o doentes. Portadores de tormentos destruidores no imo de si mesmos. Revidar-lhes a ofensa \u00e9 aumentar-lhes a capacidade de agress\u00e3o. Somente o amor, ungido de abnega\u00e7\u00e3o, consegue infundir a real transforma\u00e7\u00e3o interior de algu\u00e9m e demonstrar a grandeza da paz a quem a perdeu.\u201d \u201cE se da agress\u00e3o pura e simples, ele partir para tomar nas suas m\u00e3os desvairadas a vida de um ente querido\u00a0massacrando-o?&#8220; &#8220;Ainda a\u00ed&#8221; &#8211; redarguiu Jesus &#8211; &#8220;o perd\u00e3o assume um papel preponderante, porquanto mais importante se nos apresenta o desafio do amor, quanto mais grave e dif\u00edcil \u00e9 a situa\u00e7\u00e3o que nos leva a perdoar&#8221;. &#8220;Mestre!&#8221; &#8211;\u00a0prop\u00f4s o companheiro com os olhos nublados &#8211;\u00a0&#8220;Saber que um v\u00e2ndalo retirou do nosso caminho, pela viol\u00eancia, o filho, a esposa ou a m\u00e3e e n\u00e3o revidar, n\u00e3o significa apoiar e legitimar o direito da for\u00e7a?&#8221; &#8220;Sim\u00e3o&#8221; &#8211;\u00a0respondeu\u00a0o Mestre, docemente &#8211; &#8220;o Pai\u00a0estabeleceu\u00a0leis das quais ningu\u00e9m\u00a0consegue fugir. N\u00e3o colocamos aqui a quest\u00e3o em termos de esquecimento \u00e0 responsabilidade nem desrespeito aos c\u00f3digos&#8230; <\/p>\n<p><a class=\"readmore\" href=\"https:\/\/thir.com.br\/portal\/2017\/08\/28\/poema-do-perdao\/\">Continue lendo&#8230;<\/a><\/p>\n","protected":false},"author":3,"featured_media":12589,"comment_status":"open","ping_status":"open","sticky":false,"template":"","format":"standard","meta":{"footnotes":""},"categories":[17],"tags":[],"class_list":["post-12587","post","type-post","status-publish","format-standard","has-post-thumbnail","hentry","category-inspiration"],"_links":{"self":[{"href":"https:\/\/thir.com.br\/portal\/wp-json\/wp\/v2\/posts\/12587","targetHints":{"allow":["GET"]}}],"collection":[{"href":"https:\/\/thir.com.br\/portal\/wp-json\/wp\/v2\/posts"}],"about":[{"href":"https:\/\/thir.com.br\/portal\/wp-json\/wp\/v2\/types\/post"}],"author":[{"embeddable":true,"href":"https:\/\/thir.com.br\/portal\/wp-json\/wp\/v2\/users\/3"}],"replies":[{"embeddable":true,"href":"https:\/\/thir.com.br\/portal\/wp-json\/wp\/v2\/comments?post=12587"}],"version-history":[{"count":1,"href":"https:\/\/thir.com.br\/portal\/wp-json\/wp\/v2\/posts\/12587\/revisions"}],"predecessor-version":[{"id":12590,"href":"https:\/\/thir.com.br\/portal\/wp-json\/wp\/v2\/posts\/12587\/revisions\/12590"}],"wp:featuredmedia":[{"embeddable":true,"href":"https:\/\/thir.com.br\/portal\/wp-json\/wp\/v2\/media\/12589"}],"wp:attachment":[{"href":"https:\/\/thir.com.br\/portal\/wp-json\/wp\/v2\/media?parent=12587"}],"wp:term":[{"taxonomy":"category","embeddable":true,"href":"https:\/\/thir.com.br\/portal\/wp-json\/wp\/v2\/categories?post=12587"},{"taxonomy":"post_tag","embeddable":true,"href":"https:\/\/thir.com.br\/portal\/wp-json\/wp\/v2\/tags?post=12587"}],"curies":[{"name":"wp","href":"https:\/\/api.w.org\/{rel}","templated":true}]}}