{"id":12575,"date":"2017-08-28T22:18:41","date_gmt":"2017-08-29T01:18:41","guid":{"rendered":"http:\/\/thir.com.br\/portal\/?p=12575"},"modified":"2017-08-28T22:20:28","modified_gmt":"2017-08-29T01:20:28","slug":"e-a-vida-prossegue","status":"publish","type":"post","link":"https:\/\/thir.com.br\/portal\/2017\/08\/28\/e-a-vida-prossegue\/","title":{"rendered":"E a vida prossegue&#8230;"},"content":{"rendered":"<p>Quem de n\u00f3s j\u00e1 n\u00e3o experimentou a s\u00fabita aus\u00eancia de um ente querido?<\/p>\n<p>Quem de n\u00f3s j\u00e1 n\u00e3o sentiu profunda saudade de um afeto que, n\u00e3o estando mais no mundo corp\u00f3reo, deixa uma aparente lacuna em nossa vida?<\/p>\n<p>Mesmo expressando f\u00e9 em palavras ou em muitas de nossas atitudes, a tristeza da falta do contato, da aus\u00eancia do sorriso, da impossibilidade de um abra\u00e7o acaba por nos fazer agir com imensa tristeza diante da morte.<\/p>\n<p>N\u00e3o \u00e9 f\u00e1cil se despedir de um ente querido, mesmo idoso ou longamente doente, quando j\u00e1 nos era sabido que a aus\u00eancia f\u00edsica ocorreria em breve.<\/p>\n<p>Com certeza, a aus\u00eancia aparentemente definitiva daquele a quem demos apenas um\u00a0<em>at\u00e9 logo<\/em>\u00a0\u00e9 muito mais dif\u00edcil de entender ou aceitar.<\/p>\n<p>A m\u00e3e que recebe a not\u00edcia da morte de um filho que deveria, em algumas horas, estar de retorno ao lar dever\u00e1 encontrar for\u00e7as imensas para ir adiante.<\/p>\n<p>O esposo que descobre que a amada esposa n\u00e3o chegar\u00e1 daquela viagem, possivelmente tem a sensa\u00e7\u00e3o de que o ch\u00e3o lhe treme.<\/p>\n<p>Mas, por que ser\u00e1 que a morte n\u00e3o \u00e9 por n\u00f3s vista como um adeus tempor\u00e1rio? Por que a certeza da sobreviv\u00eancia da alma ou Esp\u00edrito, t\u00e3o comum entre diversas religi\u00f5es, n\u00e3o nos d\u00e1 consolo imediato?<\/p>\n<p>Sabemos que o que chamamos de morte \u00e9 apenas a morte do corpo f\u00edsico, pois o Esp\u00edrito ou alma \u00e9 eterno, e esta cren\u00e7a \u00e9 verdade para grande parte da Humanidade.<\/p>\n<p>Acostumados a valorizar a vida material acabamos por dar um grande valor \u00e0 morte f\u00edsica, nos esquecendo frequentemente de que ela \u00e9 s\u00f3 do corpo, jamais do Esp\u00edrito.<\/p>\n<p>Se realmente temos f\u00e9, se realmente nossa cren\u00e7a est\u00e1 alicer\u00e7ada no cora\u00e7\u00e3o e na mente, o consolo vir\u00e1 e ser\u00e1 mais facilmente aceito.<\/p>\n<p>Deus, em sua infinita bondade e justi\u00e7a, n\u00e3o interromperia a vida f\u00edsica de um jovem sem um motivo; n\u00e3o afastaria, de modo aparentemente irremedi\u00e1vel, um ente da fam\u00edlia sem uma raz\u00e3o.<\/p>\n<p>O que ocorre \u00e9 que, vivendo em um corpo f\u00edsico, nosso Esp\u00edrito n\u00e3o lembra dos momentos em que, com alegria e determina\u00e7\u00e3o, participou de sua programa\u00e7\u00e3o de vida, incluindo o tempo que esta duraria.<\/p>\n<p>Lembramos, ent\u00e3o, da necessidade de uma f\u00e9 s\u00f3lida e inabal\u00e1vel, que pode e deve ser questionada, para que possa ser vivenciada de maneira consciente, mas jamais esquecida.<\/p>\n<p>Francisco C\u00e2ndido Xavier, o grande m\u00e9dium reconhecido e respeitado mundo afora, nos trouxe, atrav\u00e9s da sua mediunidade psicogr\u00e1fica, in\u00fameras not\u00edcias do outro lado, nos dando provas de que a vida prossegue, e que os sentimentos continuam.<\/p>\n<p>Muitas fam\u00edlias tiveram a felicidade de saber que seus amores continuavam vivos, em outro plano, e que o sentimento de amor sobrevivera \u00e0 separa\u00e7\u00e3o f\u00edsica.<\/p>\n<p>N\u00e3o foram poucas as mensagens pedindo que n\u00e3o houvesse tristeza, pois esta podia ser sentida por quem morrera e, frequentemente, lhe dificultava o caminhar.<\/p>\n<p>Os sentimentos, sejam alegres ou tristes, s\u00e3o percebidos por nossos amores em outro plano e eles sentir-se-\u00e3o tristes ou felizes, tal qual n\u00f3s, deste lado, sentimos.<\/p>\n<p>A tristeza \u00e9 normal no primeiro momento, a saudade perfeitamente aceit\u00e1vel mas, jamais o desespero, a revolta, a procura infind\u00e1vel de um respons\u00e1vel.<\/p>\n<p>A ora\u00e7\u00e3o, instrumento acess\u00edvel a qualquer pessoa, independentemente de sua cren\u00e7a, \u00e9 valioso meio de buscarmos for\u00e7as e de enviarmos nossos sentimentos de amor a quem j\u00e1 partiu deste plano f\u00edsico.<\/p>\n<p>&nbsp;<\/p>\n<p align=\"right\"><em>Reda\u00e7\u00e3o do Momento Esp\u00edrita.<\/em><br \/>\n<em>Dispon\u00edvel no CD Momento Esp\u00edrita, v. 17, ed. Fep.<\/em><br \/>\n<em>Em 03.11.2010.<\/em><\/p>\n","protected":false},"excerpt":{"rendered":"<p>Quem de n\u00f3s j\u00e1 n\u00e3o experimentou a s\u00fabita aus\u00eancia de um ente querido? Quem de n\u00f3s j\u00e1 n\u00e3o sentiu profunda saudade de um afeto que, n\u00e3o estando mais no mundo corp\u00f3reo, deixa uma aparente lacuna em nossa vida? Mesmo expressando f\u00e9 em palavras ou em muitas de nossas atitudes, a tristeza da falta do contato, da aus\u00eancia do sorriso, da impossibilidade de um abra\u00e7o acaba por nos fazer agir com imensa tristeza diante da morte. N\u00e3o \u00e9 f\u00e1cil se despedir de um ente querido, mesmo idoso ou longamente doente, quando j\u00e1 nos era sabido que a aus\u00eancia f\u00edsica ocorreria em breve. Com certeza, a aus\u00eancia aparentemente definitiva daquele a quem demos apenas um\u00a0at\u00e9 logo\u00a0\u00e9 muito mais dif\u00edcil de entender ou aceitar. A m\u00e3e que recebe a not\u00edcia da morte de um filho que deveria, em algumas horas, estar de retorno ao lar dever\u00e1 encontrar for\u00e7as imensas para ir adiante. O esposo que descobre que a amada esposa n\u00e3o chegar\u00e1 daquela viagem, possivelmente tem a sensa\u00e7\u00e3o de que o ch\u00e3o lhe treme. Mas, por que ser\u00e1 que a morte n\u00e3o \u00e9 por n\u00f3s vista como um adeus tempor\u00e1rio? Por que a certeza da sobreviv\u00eancia da alma ou Esp\u00edrito, t\u00e3o comum entre diversas religi\u00f5es, n\u00e3o nos d\u00e1 consolo imediato? Sabemos que o que chamamos de morte \u00e9 apenas a morte do corpo f\u00edsico, pois o Esp\u00edrito ou alma \u00e9 eterno, e esta cren\u00e7a \u00e9 verdade para grande parte da Humanidade. Acostumados a valorizar a vida material acabamos por dar um grande valor \u00e0 morte f\u00edsica, nos esquecendo frequentemente de que ela \u00e9 s\u00f3 do corpo, jamais do Esp\u00edrito. Se realmente temos f\u00e9, se realmente nossa cren\u00e7a est\u00e1 alicer\u00e7ada no cora\u00e7\u00e3o e na mente, o consolo vir\u00e1 e ser\u00e1 mais facilmente aceito. Deus, em sua infinita bondade e justi\u00e7a, n\u00e3o interromperia a vida&#8230; <\/p>\n<p><a class=\"readmore\" href=\"https:\/\/thir.com.br\/portal\/2017\/08\/28\/e-a-vida-prossegue\/\">Continue lendo&#8230;<\/a><\/p>\n","protected":false},"author":3,"featured_media":12577,"comment_status":"open","ping_status":"open","sticky":false,"template":"","format":"standard","meta":{"footnotes":""},"categories":[17],"tags":[],"class_list":["post-12575","post","type-post","status-publish","format-standard","has-post-thumbnail","hentry","category-inspiration"],"_links":{"self":[{"href":"https:\/\/thir.com.br\/portal\/wp-json\/wp\/v2\/posts\/12575","targetHints":{"allow":["GET"]}}],"collection":[{"href":"https:\/\/thir.com.br\/portal\/wp-json\/wp\/v2\/posts"}],"about":[{"href":"https:\/\/thir.com.br\/portal\/wp-json\/wp\/v2\/types\/post"}],"author":[{"embeddable":true,"href":"https:\/\/thir.com.br\/portal\/wp-json\/wp\/v2\/users\/3"}],"replies":[{"embeddable":true,"href":"https:\/\/thir.com.br\/portal\/wp-json\/wp\/v2\/comments?post=12575"}],"version-history":[{"count":1,"href":"https:\/\/thir.com.br\/portal\/wp-json\/wp\/v2\/posts\/12575\/revisions"}],"predecessor-version":[{"id":12576,"href":"https:\/\/thir.com.br\/portal\/wp-json\/wp\/v2\/posts\/12575\/revisions\/12576"}],"wp:featuredmedia":[{"embeddable":true,"href":"https:\/\/thir.com.br\/portal\/wp-json\/wp\/v2\/media\/12577"}],"wp:attachment":[{"href":"https:\/\/thir.com.br\/portal\/wp-json\/wp\/v2\/media?parent=12575"}],"wp:term":[{"taxonomy":"category","embeddable":true,"href":"https:\/\/thir.com.br\/portal\/wp-json\/wp\/v2\/categories?post=12575"},{"taxonomy":"post_tag","embeddable":true,"href":"https:\/\/thir.com.br\/portal\/wp-json\/wp\/v2\/tags?post=12575"}],"curies":[{"name":"wp","href":"https:\/\/api.w.org\/{rel}","templated":true}]}}